{"id":115,"date":"2010-07-19T17:26:54","date_gmt":"2010-07-19T15:26:54","guid":{"rendered":"http:\/\/www.hoelling.net\/?p=115"},"modified":"2010-07-19T17:26:54","modified_gmt":"2010-07-19T15:26:54","slug":"still-leben-auf-der-b1-a40","status":"publish","type":"post","link":"https:\/\/www.hoelling.net\/?p=115","title":{"rendered":"Still-Leben auf der B1 (A40)"},"content":{"rendered":"<p>Puuh, jetzt schaffe ich es, dass mein Blog weniger als ein Jahr Sendepause hatte (2 Tage fehlten noch).<\/p>\n<p>Am Sonntag waren wir nat\u00fcrlich auch beim &#8222;Still-Leben A40&#8220; dabei, wahrscheinlich dem H\u00f6hepunkt des Kulturhaupstadtjahres 2010. F\u00fcr jemanden wie mich, der den \u00fcberwiegenden Teil seinens Lebens in der N\u00e4he der B1 (so hei\u00dft die A40 in Dortmund immer noch) gelebt hat, war es ein Muss, wenigstens &#8222;mal zu gucken&#8220;.<\/p>\n<p><a href=\"http:\/\/www.hoelling.net\/wp-content\/uploads\/2010\/07\/Stillleben1.jpg\"><img loading=\"lazy\" decoding=\"async\" src=\"http:\/\/www.hoelling.net\/wp-content\/uploads\/2010\/07\/Stillleben1.jpg\" alt=\"\" title=\"Stillleben1\" width=\"320\" height=\"240\" class=\"alignright size-full wp-image-116\" \/><\/a>F\u00fcr einen Tag hatten Fu\u00dfg\u00e4nger und Radfahrer sich diesen Teil der Stadt zur\u00fcckerobert. (Warum machen wir das eigentlich nicht \u00f6fter?)<\/p>\n<p><a href=\"http:\/\/www.hoelling.net\/wp-content\/uploads\/2010\/07\/Stillleben2.jpg\"><img decoding=\"async\" src=\"http:\/\/www.hoelling.net\/wp-content\/uploads\/2010\/07\/Stillleben2.jpg\" alt=\"\" title=\"Stillleben2\" class=\"alignleft size-full wp-image-120\" \/><\/a><\/p>\n<p>Da alle &#8222;mal gucken wollten&#8220; und Hunderttausende mit dem Fahrrad gekommen waren, gab es allerdings genauso viel Stau wie sonst auch.<\/p>\n","protected":false},"excerpt":{"rendered":"<p>Puuh, jetzt schaffe ich es, dass mein Blog weniger als ein Jahr Sendepause hatte (2 Tage fehlten noch). Am Sonntag waren wir nat\u00fcrlich auch beim &#8222;Still-Leben A40&#8220; dabei, wahrscheinlich dem H\u00f6hepunkt des Kulturhaupstadtjahres 2010. F\u00fcr jemanden wie mich, der den &hellip; <a href=\"https:\/\/www.hoelling.net\/?p=115\">Weiterlesen <span class=\"meta-nav\">&rarr;<\/span><\/a><\/p>\n","protected":false},"author":2,"featured_media":0,"comment_status":"open","ping_status":"open","sticky":false,"template":"","format":"standard","meta":{"footnotes":""},"categories":[3],"tags":[],"class_list":["post-115","post","type-post","status-publish","format-standard","hentry","category-allgemeines"],"_links":{"self":[{"href":"https:\/\/www.hoelling.net\/index.php?rest_route=\/wp\/v2\/posts\/115","targetHints":{"allow":["GET"]}}],"collection":[{"href":"https:\/\/www.hoelling.net\/index.php?rest_route=\/wp\/v2\/posts"}],"about":[{"href":"https:\/\/www.hoelling.net\/index.php?rest_route=\/wp\/v2\/types\/post"}],"author":[{"embeddable":true,"href":"https:\/\/www.hoelling.net\/index.php?rest_route=\/wp\/v2\/users\/2"}],"replies":[{"embeddable":true,"href":"https:\/\/www.hoelling.net\/index.php?rest_route=%2Fwp%2Fv2%2Fcomments&post=115"}],"version-history":[{"count":0,"href":"https:\/\/www.hoelling.net\/index.php?rest_route=\/wp\/v2\/posts\/115\/revisions"}],"wp:attachment":[{"href":"https:\/\/www.hoelling.net\/index.php?rest_route=%2Fwp%2Fv2%2Fmedia&parent=115"}],"wp:term":[{"taxonomy":"category","embeddable":true,"href":"https:\/\/www.hoelling.net\/index.php?rest_route=%2Fwp%2Fv2%2Fcategories&post=115"},{"taxonomy":"post_tag","embeddable":true,"href":"https:\/\/www.hoelling.net\/index.php?rest_route=%2Fwp%2Fv2%2Ftags&post=115"}],"curies":[{"name":"wp","href":"https:\/\/api.w.org\/{rel}","templated":true}]}}