{"id":26,"date":"2009-05-03T12:55:49","date_gmt":"2009-05-03T10:55:49","guid":{"rendered":"http:\/\/www.hoelling.net\/?p=26"},"modified":"2009-05-03T12:55:49","modified_gmt":"2009-05-03T10:55:49","slug":"ein-gelber-schmetterling-im-hause","status":"publish","type":"post","link":"https:\/\/www.hoelling.net\/?p=26","title":{"rendered":"Ein gelber Schmetterling im Hause"},"content":{"rendered":"<p><a href=\"http:\/\/www.hoelling.net\/wp-content\/uploads\/2009\/05\/gelbspanner1.jpg\"><img loading=\"lazy\" decoding=\"async\" class=\"alignleft size-thumbnail wp-image-27\" title=\"gelbspanner1\" src=\"http:\/\/www.hoelling.net\/wp-content\/uploads\/2009\/05\/gelbspanner1-150x150.jpg\" alt=\"gelbspanner1\" width=\"150\" height=\"150\" \/><\/a>Vor ein paar Tagen sa\u00df ein kleiner gelber Schmetterling an der Wand meines Arbeitszimmers. Am n\u00e4chsten Tag fand ich ihn dann nebenan im Badezimmer wieder.<\/p>\n<p>Meinem Schmetterlingsbuch zufolge handelt es sich um einen Gelbspanner (<em>Opisthograptis luteolata L.<\/em>). Da von den angegeben Futterpflanzen einige in unserem Garten wachsen (Wei\u00dfdorn, Schlehe, Gei\u00dfblatt &#8211;\u00a0umfasst das auch die Heckenkirsche?) muss er es nicht weit bis ins Haus gehabt haben.<a href=\"http:\/\/www.hoelling.net\/wp-content\/uploads\/2009\/05\/gelbspanner2c.jpg\"><img loading=\"lazy\" decoding=\"async\" class=\"alignright size-medium wp-image-28\" title=\"gelbspanner2c\" src=\"http:\/\/www.hoelling.net\/wp-content\/uploads\/2009\/05\/gelbspanner2c-300x225.jpg\" alt=\"gelbspanner2c\" width=\"300\" height=\"225\" \/><\/a><\/p>\n<p>Als ich ihn sp\u00e4ter nach drau\u00dfen setzen wollte, war er &#8211; vermutlich durchs ge\u00f6ffnete Fenster &#8211; verschwunden.<\/p>\n","protected":false},"excerpt":{"rendered":"<p>Vor ein paar Tagen sa\u00df ein kleiner gelber Schmetterling an der Wand meines Arbeitszimmers. Am n\u00e4chsten Tag fand ich ihn dann nebenan im Badezimmer wieder. Meinem Schmetterlingsbuch zufolge handelt es sich um einen Gelbspanner (Opisthograptis luteolata L.). Da von den &hellip; <a href=\"https:\/\/www.hoelling.net\/?p=26\">Weiterlesen <span class=\"meta-nav\">&rarr;<\/span><\/a><\/p>\n","protected":false},"author":2,"featured_media":0,"comment_status":"open","ping_status":"open","sticky":false,"template":"","format":"standard","meta":{"footnotes":""},"categories":[5],"tags":[],"class_list":["post-26","post","type-post","status-publish","format-standard","hentry","category-umwelt-und-natur"],"_links":{"self":[{"href":"https:\/\/www.hoelling.net\/index.php?rest_route=\/wp\/v2\/posts\/26","targetHints":{"allow":["GET"]}}],"collection":[{"href":"https:\/\/www.hoelling.net\/index.php?rest_route=\/wp\/v2\/posts"}],"about":[{"href":"https:\/\/www.hoelling.net\/index.php?rest_route=\/wp\/v2\/types\/post"}],"author":[{"embeddable":true,"href":"https:\/\/www.hoelling.net\/index.php?rest_route=\/wp\/v2\/users\/2"}],"replies":[{"embeddable":true,"href":"https:\/\/www.hoelling.net\/index.php?rest_route=%2Fwp%2Fv2%2Fcomments&post=26"}],"version-history":[{"count":0,"href":"https:\/\/www.hoelling.net\/index.php?rest_route=\/wp\/v2\/posts\/26\/revisions"}],"wp:attachment":[{"href":"https:\/\/www.hoelling.net\/index.php?rest_route=%2Fwp%2Fv2%2Fmedia&parent=26"}],"wp:term":[{"taxonomy":"category","embeddable":true,"href":"https:\/\/www.hoelling.net\/index.php?rest_route=%2Fwp%2Fv2%2Fcategories&post=26"},{"taxonomy":"post_tag","embeddable":true,"href":"https:\/\/www.hoelling.net\/index.php?rest_route=%2Fwp%2Fv2%2Ftags&post=26"}],"curies":[{"name":"wp","href":"https:\/\/api.w.org\/{rel}","templated":true}]}}